{"id":12508,"date":"2023-04-27T14:57:56","date_gmt":"2023-04-27T19:57:56","guid":{"rendered":"https:\/\/drummondltd.com\/uncategorized\/2023\/04\/27\/drummond-ltd-talked-about-its-environmental-monitoring-and-protection-of-biodiversity-at-the-2023-expoterra-fair-in-cesar\/"},"modified":"2024-07-09T17:50:01","modified_gmt":"2024-07-09T22:50:01","slug":"drummond-ltd-talked-about-its-environmental-monitoring-and-protection-of-biodiversity-at-the-2023-expoterra-fair-in-cesar","status":"publish","type":"post","link":"https:\/\/drummondltd.com\/en\/drummond-ltd-talked-about-its-environmental-monitoring-and-protection-of-biodiversity-at-the-2023-expoterra-fair-in-cesar\/","title":{"rendered":"Drummond Ltd. talked about its environmental monitoring and protection of biodiversity at the 2023 ExpoTerra Fair in Cesar"},"content":{"rendered":"\n<figure class=\"wp-block-image size-large\"><img fetchpriority=\"high\" decoding=\"async\" width=\"1024\" height=\"690\" src=\"https:\/\/drummondltd.com\/wp-content\/uploads\/2023\/05\/Drummond-Ltd.-socializo-procesos-de-monitoreo-ambiental-y-proteccion-de-la-biodiversidad-en-ExpoTerra-Cesar-2023_1-1024x690.jpg\" alt=\"\" class=\"wp-image-12332\" srcset=\"https:\/\/drummondltd.com\/wp-content\/uploads\/2023\/05\/Drummond-Ltd.-socializo-procesos-de-monitoreo-ambiental-y-proteccion-de-la-biodiversidad-en-ExpoTerra-Cesar-2023_1-1024x690.jpg 1024w, https:\/\/drummondltd.com\/wp-content\/uploads\/2023\/05\/Drummond-Ltd.-socializo-procesos-de-monitoreo-ambiental-y-proteccion-de-la-biodiversidad-en-ExpoTerra-Cesar-2023_1-300x202.jpg 300w, https:\/\/drummondltd.com\/wp-content\/uploads\/2023\/05\/Drummond-Ltd.-socializo-procesos-de-monitoreo-ambiental-y-proteccion-de-la-biodiversidad-en-ExpoTerra-Cesar-2023_1-768x517.jpg 768w, https:\/\/drummondltd.com\/wp-content\/uploads\/2023\/05\/Drummond-Ltd.-socializo-procesos-de-monitoreo-ambiental-y-proteccion-de-la-biodiversidad-en-ExpoTerra-Cesar-2023_1-1536x1035.jpg 1536w, https:\/\/drummondltd.com\/wp-content\/uploads\/2023\/05\/Drummond-Ltd.-socializo-procesos-de-monitoreo-ambiental-y-proteccion-de-la-biodiversidad-en-ExpoTerra-Cesar-2023_1-2048x1380.jpg 2048w\" sizes=\"(max-width: 1024px) 100vw, 1024px\" \/><figcaption class=\"wp-element-caption\">Alexander Contreras, senior supervisor of environmental monitoring at Drummond Ltd., during his presentation at the fair.<\/figcaption><\/figure>\n\n<p>As part of its commitment to sharing information about its responsible environmental practices, Drummond Ltd. talked about its environmental monitoring and protection of biodiversity during the ExpoTerra 2023 educational and environmental fair, organized by the Secretary of the Environment of the Department of Cesar in the city of Valledupar in commemoration of Earth Day.<\/p>\n\n<p>\u201cWe attended the educational and environmental fair, ExpoTerra 2023, held in Valledupar, and we had an opportunity to share information about the company&#8217;s actions in favor of environmental sustainability. We had two stands where we showcased the air quality monitoring and plant and wildlife management activities in our operations,&#8221; said Alexander Contreras, senior supervisor of environmental monitoring at Drummond Ltd. The George Dahl Hydrobiological Foundation and the contractor Induanalisis supported us at the event. <\/p>\n\n<figure class=\"wp-block-gallery has-nested-images columns-default is-cropped wp-block-gallery-1 is-layout-flex wp-block-gallery-is-layout-flex\">\n<figure class=\"wp-block-image size-large\"><img decoding=\"async\" width=\"1024\" height=\"948\" data-id=\"12340\" src=\"https:\/\/drummondltd.com\/wp-content\/uploads\/2023\/05\/Drummond-Ltd.-socializo-procesos-de-monitoreo-ambiental-y-proteccion-de-la-biodiversidad-en-ExpoTerra-Cesar-2023_5-1024x948.jpg\" alt=\"\" class=\"wp-image-12340\" srcset=\"https:\/\/drummondltd.com\/wp-content\/uploads\/2023\/05\/Drummond-Ltd.-socializo-procesos-de-monitoreo-ambiental-y-proteccion-de-la-biodiversidad-en-ExpoTerra-Cesar-2023_5-1024x948.jpg 1024w, https:\/\/drummondltd.com\/wp-content\/uploads\/2023\/05\/Drummond-Ltd.-socializo-procesos-de-monitoreo-ambiental-y-proteccion-de-la-biodiversidad-en-ExpoTerra-Cesar-2023_5-300x278.jpg 300w, https:\/\/drummondltd.com\/wp-content\/uploads\/2023\/05\/Drummond-Ltd.-socializo-procesos-de-monitoreo-ambiental-y-proteccion-de-la-biodiversidad-en-ExpoTerra-Cesar-2023_5-768x711.jpg 768w, https:\/\/drummondltd.com\/wp-content\/uploads\/2023\/05\/Drummond-Ltd.-socializo-procesos-de-monitoreo-ambiental-y-proteccion-de-la-biodiversidad-en-ExpoTerra-Cesar-2023_5-1536x1422.jpg 1536w, https:\/\/drummondltd.com\/wp-content\/uploads\/2023\/05\/Drummond-Ltd.-socializo-procesos-de-monitoreo-ambiental-y-proteccion-de-la-biodiversidad-en-ExpoTerra-Cesar-2023_5-2048x1896.jpg 2048w\" sizes=\"(max-width: 1024px) 100vw, 1024px\" \/><\/figure>\n\n\n\n<figure class=\"wp-block-image size-large\"><img decoding=\"async\" width=\"945\" height=\"1024\" data-id=\"12338\" src=\"https:\/\/drummondltd.com\/wp-content\/uploads\/2023\/05\/Drummond-Ltd.-socializo-procesos-de-monitoreo-ambiental-y-proteccion-de-la-biodiversidad-en-ExpoTerra-Cesar-2023_4-945x1024.jpg\" alt=\"\" class=\"wp-image-12338\" srcset=\"https:\/\/drummondltd.com\/wp-content\/uploads\/2023\/05\/Drummond-Ltd.-socializo-procesos-de-monitoreo-ambiental-y-proteccion-de-la-biodiversidad-en-ExpoTerra-Cesar-2023_4-945x1024.jpg 945w, https:\/\/drummondltd.com\/wp-content\/uploads\/2023\/05\/Drummond-Ltd.-socializo-procesos-de-monitoreo-ambiental-y-proteccion-de-la-biodiversidad-en-ExpoTerra-Cesar-2023_4-277x300.jpg 277w, https:\/\/drummondltd.com\/wp-content\/uploads\/2023\/05\/Drummond-Ltd.-socializo-procesos-de-monitoreo-ambiental-y-proteccion-de-la-biodiversidad-en-ExpoTerra-Cesar-2023_4-768x832.jpg 768w, https:\/\/drummondltd.com\/wp-content\/uploads\/2023\/05\/Drummond-Ltd.-socializo-procesos-de-monitoreo-ambiental-y-proteccion-de-la-biodiversidad-en-ExpoTerra-Cesar-2023_4-1417x1536.jpg 1417w, https:\/\/drummondltd.com\/wp-content\/uploads\/2023\/05\/Drummond-Ltd.-socializo-procesos-de-monitoreo-ambiental-y-proteccion-de-la-biodiversidad-en-ExpoTerra-Cesar-2023_4-1890x2048.jpg 1890w\" sizes=\"(max-width: 945px) 100vw, 945px\" \/><\/figure>\n\n\n\n<figure class=\"wp-block-image size-large\"><img loading=\"lazy\" decoding=\"async\" width=\"900\" height=\"1024\" data-id=\"12336\" src=\"https:\/\/drummondltd.com\/wp-content\/uploads\/2023\/05\/Drummond-Ltd.-socializo-procesos-de-monitoreo-ambiental-y-proteccion-de-la-biodiversidad-en-ExpoTerra-Cesar-2023_3-900x1024.jpg\" alt=\"\" class=\"wp-image-12336\" srcset=\"https:\/\/drummondltd.com\/wp-content\/uploads\/2023\/05\/Drummond-Ltd.-socializo-procesos-de-monitoreo-ambiental-y-proteccion-de-la-biodiversidad-en-ExpoTerra-Cesar-2023_3-900x1024.jpg 900w, https:\/\/drummondltd.com\/wp-content\/uploads\/2023\/05\/Drummond-Ltd.-socializo-procesos-de-monitoreo-ambiental-y-proteccion-de-la-biodiversidad-en-ExpoTerra-Cesar-2023_3-264x300.jpg 264w, https:\/\/drummondltd.com\/wp-content\/uploads\/2023\/05\/Drummond-Ltd.-socializo-procesos-de-monitoreo-ambiental-y-proteccion-de-la-biodiversidad-en-ExpoTerra-Cesar-2023_3-768x874.jpg 768w, https:\/\/drummondltd.com\/wp-content\/uploads\/2023\/05\/Drummond-Ltd.-socializo-procesos-de-monitoreo-ambiental-y-proteccion-de-la-biodiversidad-en-ExpoTerra-Cesar-2023_3-1349x1536.jpg 1349w, https:\/\/drummondltd.com\/wp-content\/uploads\/2023\/05\/Drummond-Ltd.-socializo-procesos-de-monitoreo-ambiental-y-proteccion-de-la-biodiversidad-en-ExpoTerra-Cesar-2023_3-1799x2048.jpg 1799w\" sizes=\"(max-width: 900px) 100vw, 900px\" \/><\/figure>\n\n\n\n<figure class=\"wp-block-image size-large\"><img loading=\"lazy\" decoding=\"async\" width=\"1024\" height=\"701\" data-id=\"12334\" src=\"https:\/\/drummondltd.com\/wp-content\/uploads\/2023\/05\/Drummond-Ltd.-socializo-procesos-de-monitoreo-ambiental-y-proteccion-de-la-biodiversidad-en-ExpoTerra-Cesar-2023_2-1024x701.jpg\" alt=\"\" class=\"wp-image-12334\" srcset=\"https:\/\/drummondltd.com\/wp-content\/uploads\/2023\/05\/Drummond-Ltd.-socializo-procesos-de-monitoreo-ambiental-y-proteccion-de-la-biodiversidad-en-ExpoTerra-Cesar-2023_2-1024x701.jpg 1024w, https:\/\/drummondltd.com\/wp-content\/uploads\/2023\/05\/Drummond-Ltd.-socializo-procesos-de-monitoreo-ambiental-y-proteccion-de-la-biodiversidad-en-ExpoTerra-Cesar-2023_2-300x206.jpg 300w, https:\/\/drummondltd.com\/wp-content\/uploads\/2023\/05\/Drummond-Ltd.-socializo-procesos-de-monitoreo-ambiental-y-proteccion-de-la-biodiversidad-en-ExpoTerra-Cesar-2023_2-768x526.jpg 768w, https:\/\/drummondltd.com\/wp-content\/uploads\/2023\/05\/Drummond-Ltd.-socializo-procesos-de-monitoreo-ambiental-y-proteccion-de-la-biodiversidad-en-ExpoTerra-Cesar-2023_2-1536x1052.jpg 1536w, https:\/\/drummondltd.com\/wp-content\/uploads\/2023\/05\/Drummond-Ltd.-socializo-procesos-de-monitoreo-ambiental-y-proteccion-de-la-biodiversidad-en-ExpoTerra-Cesar-2023_2-2048x1403.jpg 2048w\" sizes=\"(max-width: 1024px) 100vw, 1024px\" \/><\/figure>\n<figcaption class=\"blocks-gallery-caption wp-element-caption\">Drummond in the stands area.<\/figcaption><\/figure>\n\n<p>The fair, which was open to the public, attracted a large number of students from schools and colleges in the capital city of Cesar, who were able to expand their knowledge through the various presentations and displays.<\/p>\n\n<p>\u201cAs one of Drummond&#8217;s contractors, we were there at ExpoTerra. We were able to share how we operate the monitoring network of the mining company&#8217;s industrial air quality surveillance system with the students and other participants who visited the stand,&#8221; said Leonardo Rojas, coordinator of the monitoring done by the contractor Induanalisis.<\/p>\n\n<p>On the other hand, the George Dahl Hydrobiological Foundation, which works in favor of the development and conservation of wildlife species in the Colombian Caribbean, brought the exhibit &#8216;Bats, guardians of the night,&#8217; to the fair to share knowledge about one of the species present at Drummond&#8217;s mining operations. It also shared information with visitors about all of the company&#8217;s efforts to protect the existing flora and fauna. <\/p>\n","protected":false},"excerpt":{"rendered":"<p>As part of its commitment to sharing information about its responsible environmental practices, Drummond Ltd. talked about its environmental monitoring and protection of biodiversity during the ExpoTerra 2023 educational and environmental fair, organized by the Secretary of the Environment of the Department of Cesar in the city of Valledupar in commemoration of Earth Day. \u201cWe [&hellip;]<\/p>\n","protected":false},"author":2,"featured_media":12333,"comment_status":"closed","ping_status":"closed","sticky":false,"template":"","format":"standard","meta":{"_acf_changed":false,"footnotes":""},"categories":[24,14],"tags":[],"class_list":["post-12508","post","type-post","status-publish","format-standard","has-post-thumbnail","hentry","category-environment","category-press-releases"],"acf":[],"yoast_head":"<!-- This site is optimized with the Yoast SEO plugin v27.4 - https:\/\/yoast.com\/product\/yoast-seo-wordpress\/ -->\n<title>Drummond Ltd. talked about its environmental monitoring and protection of biodiversity at the 2023 ExpoTerra Fair in Cesar - Drummond Ltd.<\/title>\n<meta name=\"robots\" content=\"index, follow, max-snippet:-1, max-image-preview:large, max-video-preview:-1\" \/>\n<link rel=\"canonical\" href=\"https:\/\/drummondltd.com\/en\/drummond-ltd-talked-about-its-environmental-monitoring-and-protection-of-biodiversity-at-the-2023-expoterra-fair-in-cesar\/\" \/>\n<meta property=\"og:locale\" content=\"en_US\" \/>\n<meta property=\"og:type\" content=\"article\" \/>\n<meta property=\"og:title\" content=\"Drummond Ltd. talked about its environmental monitoring and protection of biodiversity at the 2023 ExpoTerra Fair in Cesar - Drummond Ltd.\" \/>\n<meta property=\"og:description\" content=\"As part of its commitment to sharing information about its responsible environmental practices, Drummond Ltd. talked about its environmental monitoring and protection of biodiversity during the ExpoTerra 2023 educational and environmental fair, organized by the Secretary of the Environment of the Department of Cesar in the city of Valledupar in commemoration of Earth Day. \u201cWe [&hellip;]\" \/>\n<meta property=\"og:url\" content=\"https:\/\/drummondltd.com\/en\/drummond-ltd-talked-about-its-environmental-monitoring-and-protection-of-biodiversity-at-the-2023-expoterra-fair-in-cesar\/\" \/>\n<meta property=\"og:site_name\" content=\"Drummond Ltd.\" \/>\n<meta property=\"article:published_time\" content=\"2023-04-27T19:57:56+00:00\" \/>\n<meta property=\"article:modified_time\" content=\"2024-07-09T22:50:01+00:00\" \/>\n<meta property=\"og:image\" content=\"https:\/\/drummondltd.com\/wp-content\/uploads\/2023\/05\/Drummond-Ltd.-socializo-procesos-de-monitoreo-ambiental-y-proteccion-de-la-biodiversidad-en-ExpoTerra-Cesar-2023_1-scaled.jpg\" \/>\n\t<meta property=\"og:image:width\" content=\"2560\" \/>\n\t<meta property=\"og:image:height\" content=\"1724\" \/>\n\t<meta property=\"og:image:type\" content=\"image\/jpeg\" \/>\n<meta name=\"author\" content=\"Camilo Parra\" \/>\n<meta name=\"twitter:card\" content=\"summary_large_image\" \/>\n<meta name=\"twitter:label1\" content=\"Written by\" \/>\n\t<meta name=\"twitter:data1\" content=\"Camilo Parra\" \/>\n\t<meta name=\"twitter:label2\" content=\"Est. reading time\" \/>\n\t<meta name=\"twitter:data2\" content=\"2 minutes\" \/>\n<script type=\"application\/ld+json\" class=\"yoast-schema-graph\">{\"@context\":\"https:\\\/\\\/schema.org\",\"@graph\":[{\"@type\":\"Article\",\"@id\":\"https:\\\/\\\/drummondltd.com\\\/en\\\/drummond-ltd-talked-about-its-environmental-monitoring-and-protection-of-biodiversity-at-the-2023-expoterra-fair-in-cesar\\\/#article\",\"isPartOf\":{\"@id\":\"https:\\\/\\\/drummondltd.com\\\/en\\\/drummond-ltd-talked-about-its-environmental-monitoring-and-protection-of-biodiversity-at-the-2023-expoterra-fair-in-cesar\\\/\"},\"author\":{\"name\":\"Camilo Parra\",\"@id\":\"https:\\\/\\\/drummondltd.com\\\/en\\\/#\\\/schema\\\/person\\\/2e044c44d54d11f09d4ceca7bef71fd0\"},\"headline\":\"Drummond Ltd. talked about its environmental monitoring and protection of biodiversity at the 2023 ExpoTerra Fair in Cesar\",\"datePublished\":\"2023-04-27T19:57:56+00:00\",\"dateModified\":\"2024-07-09T22:50:01+00:00\",\"mainEntityOfPage\":{\"@id\":\"https:\\\/\\\/drummondltd.com\\\/en\\\/drummond-ltd-talked-about-its-environmental-monitoring-and-protection-of-biodiversity-at-the-2023-expoterra-fair-in-cesar\\\/\"},\"wordCount\":326,\"publisher\":{\"@id\":\"https:\\\/\\\/drummondltd.com\\\/en\\\/#organization\"},\"image\":{\"@id\":\"https:\\\/\\\/drummondltd.com\\\/en\\\/drummond-ltd-talked-about-its-environmental-monitoring-and-protection-of-biodiversity-at-the-2023-expoterra-fair-in-cesar\\\/#primaryimage\"},\"thumbnailUrl\":\"https:\\\/\\\/drummondltd.com\\\/wp-content\\\/uploads\\\/2023\\\/05\\\/Drummond-Ltd.-socializo-procesos-de-monitoreo-ambiental-y-proteccion-de-la-biodiversidad-en-ExpoTerra-Cesar-2023_1-scaled.jpg\",\"articleSection\":[\"Environment\",\"Press Releases\"],\"inLanguage\":\"en-US\"},{\"@type\":\"WebPage\",\"@id\":\"https:\\\/\\\/drummondltd.com\\\/en\\\/drummond-ltd-talked-about-its-environmental-monitoring-and-protection-of-biodiversity-at-the-2023-expoterra-fair-in-cesar\\\/\",\"url\":\"https:\\\/\\\/drummondltd.com\\\/en\\\/drummond-ltd-talked-about-its-environmental-monitoring-and-protection-of-biodiversity-at-the-2023-expoterra-fair-in-cesar\\\/\",\"name\":\"Drummond Ltd. talked about its environmental monitoring and protection of biodiversity at the 2023 ExpoTerra Fair in Cesar - Drummond Ltd.\",\"isPartOf\":{\"@id\":\"https:\\\/\\\/drummondltd.com\\\/en\\\/#website\"},\"primaryImageOfPage\":{\"@id\":\"https:\\\/\\\/drummondltd.com\\\/en\\\/drummond-ltd-talked-about-its-environmental-monitoring-and-protection-of-biodiversity-at-the-2023-expoterra-fair-in-cesar\\\/#primaryimage\"},\"image\":{\"@id\":\"https:\\\/\\\/drummondltd.com\\\/en\\\/drummond-ltd-talked-about-its-environmental-monitoring-and-protection-of-biodiversity-at-the-2023-expoterra-fair-in-cesar\\\/#primaryimage\"},\"thumbnailUrl\":\"https:\\\/\\\/drummondltd.com\\\/wp-content\\\/uploads\\\/2023\\\/05\\\/Drummond-Ltd.-socializo-procesos-de-monitoreo-ambiental-y-proteccion-de-la-biodiversidad-en-ExpoTerra-Cesar-2023_1-scaled.jpg\",\"datePublished\":\"2023-04-27T19:57:56+00:00\",\"dateModified\":\"2024-07-09T22:50:01+00:00\",\"breadcrumb\":{\"@id\":\"https:\\\/\\\/drummondltd.com\\\/en\\\/drummond-ltd-talked-about-its-environmental-monitoring-and-protection-of-biodiversity-at-the-2023-expoterra-fair-in-cesar\\\/#breadcrumb\"},\"inLanguage\":\"en-US\",\"potentialAction\":[{\"@type\":\"ReadAction\",\"target\":[\"https:\\\/\\\/drummondltd.com\\\/en\\\/drummond-ltd-talked-about-its-environmental-monitoring-and-protection-of-biodiversity-at-the-2023-expoterra-fair-in-cesar\\\/\"]}]},{\"@type\":\"ImageObject\",\"inLanguage\":\"en-US\",\"@id\":\"https:\\\/\\\/drummondltd.com\\\/en\\\/drummond-ltd-talked-about-its-environmental-monitoring-and-protection-of-biodiversity-at-the-2023-expoterra-fair-in-cesar\\\/#primaryimage\",\"url\":\"https:\\\/\\\/drummondltd.com\\\/wp-content\\\/uploads\\\/2023\\\/05\\\/Drummond-Ltd.-socializo-procesos-de-monitoreo-ambiental-y-proteccion-de-la-biodiversidad-en-ExpoTerra-Cesar-2023_1-scaled.jpg\",\"contentUrl\":\"https:\\\/\\\/drummondltd.com\\\/wp-content\\\/uploads\\\/2023\\\/05\\\/Drummond-Ltd.-socializo-procesos-de-monitoreo-ambiental-y-proteccion-de-la-biodiversidad-en-ExpoTerra-Cesar-2023_1-scaled.jpg\",\"width\":2560,\"height\":1724,\"caption\":\"*Alexander Contreras, supervisor s\u00e9nior de monitoreo ambiental de Drummond Ltd., durante su intervenci\u00f3n en la feria.\"},{\"@type\":\"BreadcrumbList\",\"@id\":\"https:\\\/\\\/drummondltd.com\\\/en\\\/drummond-ltd-talked-about-its-environmental-monitoring-and-protection-of-biodiversity-at-the-2023-expoterra-fair-in-cesar\\\/#breadcrumb\",\"itemListElement\":[{\"@type\":\"ListItem\",\"position\":1,\"name\":\"Home\",\"item\":\"https:\\\/\\\/drummondltd.com\\\/en\\\/\"},{\"@type\":\"ListItem\",\"position\":2,\"name\":\"Press Releases\",\"item\":\"https:\\\/\\\/drummondltd.com\\\/en\\\/comunicados-de-prensa\\\/press-releases\\\/\"},{\"@type\":\"ListItem\",\"position\":3,\"name\":\"Drummond Ltd. talked about its environmental monitoring and protection of biodiversity at the 2023 ExpoTerra Fair in Cesar\"}]},{\"@type\":\"WebSite\",\"@id\":\"https:\\\/\\\/drummondltd.com\\\/en\\\/#website\",\"url\":\"https:\\\/\\\/drummondltd.com\\\/en\\\/\",\"name\":\"Drummond Ltd.\",\"description\":\"Organizaci\u00f3n dedicada a la extracci\u00f3n, transporte y exportaci\u00f3n de carb\u00f3n\",\"publisher\":{\"@id\":\"https:\\\/\\\/drummondltd.com\\\/en\\\/#organization\"},\"potentialAction\":[{\"@type\":\"SearchAction\",\"target\":{\"@type\":\"EntryPoint\",\"urlTemplate\":\"https:\\\/\\\/drummondltd.com\\\/en\\\/?s={search_term_string}\"},\"query-input\":{\"@type\":\"PropertyValueSpecification\",\"valueRequired\":true,\"valueName\":\"search_term_string\"}}],\"inLanguage\":\"en-US\"},{\"@type\":\"Organization\",\"@id\":\"https:\\\/\\\/drummondltd.com\\\/en\\\/#organization\",\"name\":\"Drummond Ltd.\",\"url\":\"https:\\\/\\\/drummondltd.com\\\/en\\\/\",\"logo\":{\"@type\":\"ImageObject\",\"inLanguage\":\"en-US\",\"@id\":\"https:\\\/\\\/drummondltd.com\\\/en\\\/#\\\/schema\\\/logo\\\/image\\\/\",\"url\":\"https:\\\/\\\/5zm012.p3cdn1.secureserver.net\\\/wp-content\\\/uploads\\\/2022\\\/04\\\/logo-drummond-ldt.png?time=1730132405\",\"contentUrl\":\"https:\\\/\\\/5zm012.p3cdn1.secureserver.net\\\/wp-content\\\/uploads\\\/2022\\\/04\\\/logo-drummond-ldt.png?time=1730132405\",\"width\":1030,\"height\":300,\"caption\":\"Drummond Ltd.\"},\"image\":{\"@id\":\"https:\\\/\\\/drummondltd.com\\\/en\\\/#\\\/schema\\\/logo\\\/image\\\/\"}},{\"@type\":\"Person\",\"@id\":\"https:\\\/\\\/drummondltd.com\\\/en\\\/#\\\/schema\\\/person\\\/2e044c44d54d11f09d4ceca7bef71fd0\",\"name\":\"Camilo Parra\",\"image\":{\"@type\":\"ImageObject\",\"inLanguage\":\"en-US\",\"@id\":\"https:\\\/\\\/secure.gravatar.com\\\/avatar\\\/f80fdbed20db5567c82fdef7cb5d82ee20eb9b8d6bc77edd93ef588c3f3ac6e9?s=96&d=mm&r=g\",\"url\":\"https:\\\/\\\/secure.gravatar.com\\\/avatar\\\/f80fdbed20db5567c82fdef7cb5d82ee20eb9b8d6bc77edd93ef588c3f3ac6e9?s=96&d=mm&r=g\",\"contentUrl\":\"https:\\\/\\\/secure.gravatar.com\\\/avatar\\\/f80fdbed20db5567c82fdef7cb5d82ee20eb9b8d6bc77edd93ef588c3f3ac6e9?s=96&d=mm&r=g\",\"caption\":\"Camilo Parra\"}}]}<\/script>\n<!-- \/ Yoast SEO plugin. -->","yoast_head_json":{"title":"Drummond Ltd. talked about its environmental monitoring and protection of biodiversity at the 2023 ExpoTerra Fair in Cesar - Drummond Ltd.","robots":{"index":"index","follow":"follow","max-snippet":"max-snippet:-1","max-image-preview":"max-image-preview:large","max-video-preview":"max-video-preview:-1"},"canonical":"https:\/\/drummondltd.com\/en\/drummond-ltd-talked-about-its-environmental-monitoring-and-protection-of-biodiversity-at-the-2023-expoterra-fair-in-cesar\/","og_locale":"en_US","og_type":"article","og_title":"Drummond Ltd. talked about its environmental monitoring and protection of biodiversity at the 2023 ExpoTerra Fair in Cesar - Drummond Ltd.","og_description":"As part of its commitment to sharing information about its responsible environmental practices, Drummond Ltd. talked about its environmental monitoring and protection of biodiversity during the ExpoTerra 2023 educational and environmental fair, organized by the Secretary of the Environment of the Department of Cesar in the city of Valledupar in commemoration of Earth Day. \u201cWe [&hellip;]","og_url":"https:\/\/drummondltd.com\/en\/drummond-ltd-talked-about-its-environmental-monitoring-and-protection-of-biodiversity-at-the-2023-expoterra-fair-in-cesar\/","og_site_name":"Drummond Ltd.","article_published_time":"2023-04-27T19:57:56+00:00","article_modified_time":"2024-07-09T22:50:01+00:00","og_image":[{"width":2560,"height":1724,"url":"https:\/\/drummondltd.com\/wp-content\/uploads\/2023\/05\/Drummond-Ltd.-socializo-procesos-de-monitoreo-ambiental-y-proteccion-de-la-biodiversidad-en-ExpoTerra-Cesar-2023_1-scaled.jpg","type":"image\/jpeg"}],"author":"Camilo Parra","twitter_card":"summary_large_image","twitter_misc":{"Written by":"Camilo Parra","Est. reading time":"2 minutes"},"schema":{"@context":"https:\/\/schema.org","@graph":[{"@type":"Article","@id":"https:\/\/drummondltd.com\/en\/drummond-ltd-talked-about-its-environmental-monitoring-and-protection-of-biodiversity-at-the-2023-expoterra-fair-in-cesar\/#article","isPartOf":{"@id":"https:\/\/drummondltd.com\/en\/drummond-ltd-talked-about-its-environmental-monitoring-and-protection-of-biodiversity-at-the-2023-expoterra-fair-in-cesar\/"},"author":{"name":"Camilo Parra","@id":"https:\/\/drummondltd.com\/en\/#\/schema\/person\/2e044c44d54d11f09d4ceca7bef71fd0"},"headline":"Drummond Ltd. talked about its environmental monitoring and protection of biodiversity at the 2023 ExpoTerra Fair in Cesar","datePublished":"2023-04-27T19:57:56+00:00","dateModified":"2024-07-09T22:50:01+00:00","mainEntityOfPage":{"@id":"https:\/\/drummondltd.com\/en\/drummond-ltd-talked-about-its-environmental-monitoring-and-protection-of-biodiversity-at-the-2023-expoterra-fair-in-cesar\/"},"wordCount":326,"publisher":{"@id":"https:\/\/drummondltd.com\/en\/#organization"},"image":{"@id":"https:\/\/drummondltd.com\/en\/drummond-ltd-talked-about-its-environmental-monitoring-and-protection-of-biodiversity-at-the-2023-expoterra-fair-in-cesar\/#primaryimage"},"thumbnailUrl":"https:\/\/drummondltd.com\/wp-content\/uploads\/2023\/05\/Drummond-Ltd.-socializo-procesos-de-monitoreo-ambiental-y-proteccion-de-la-biodiversidad-en-ExpoTerra-Cesar-2023_1-scaled.jpg","articleSection":["Environment","Press Releases"],"inLanguage":"en-US"},{"@type":"WebPage","@id":"https:\/\/drummondltd.com\/en\/drummond-ltd-talked-about-its-environmental-monitoring-and-protection-of-biodiversity-at-the-2023-expoterra-fair-in-cesar\/","url":"https:\/\/drummondltd.com\/en\/drummond-ltd-talked-about-its-environmental-monitoring-and-protection-of-biodiversity-at-the-2023-expoterra-fair-in-cesar\/","name":"Drummond Ltd. talked about its environmental monitoring and protection of biodiversity at the 2023 ExpoTerra Fair in Cesar - Drummond Ltd.","isPartOf":{"@id":"https:\/\/drummondltd.com\/en\/#website"},"primaryImageOfPage":{"@id":"https:\/\/drummondltd.com\/en\/drummond-ltd-talked-about-its-environmental-monitoring-and-protection-of-biodiversity-at-the-2023-expoterra-fair-in-cesar\/#primaryimage"},"image":{"@id":"https:\/\/drummondltd.com\/en\/drummond-ltd-talked-about-its-environmental-monitoring-and-protection-of-biodiversity-at-the-2023-expoterra-fair-in-cesar\/#primaryimage"},"thumbnailUrl":"https:\/\/drummondltd.com\/wp-content\/uploads\/2023\/05\/Drummond-Ltd.-socializo-procesos-de-monitoreo-ambiental-y-proteccion-de-la-biodiversidad-en-ExpoTerra-Cesar-2023_1-scaled.jpg","datePublished":"2023-04-27T19:57:56+00:00","dateModified":"2024-07-09T22:50:01+00:00","breadcrumb":{"@id":"https:\/\/drummondltd.com\/en\/drummond-ltd-talked-about-its-environmental-monitoring-and-protection-of-biodiversity-at-the-2023-expoterra-fair-in-cesar\/#breadcrumb"},"inLanguage":"en-US","potentialAction":[{"@type":"ReadAction","target":["https:\/\/drummondltd.com\/en\/drummond-ltd-talked-about-its-environmental-monitoring-and-protection-of-biodiversity-at-the-2023-expoterra-fair-in-cesar\/"]}]},{"@type":"ImageObject","inLanguage":"en-US","@id":"https:\/\/drummondltd.com\/en\/drummond-ltd-talked-about-its-environmental-monitoring-and-protection-of-biodiversity-at-the-2023-expoterra-fair-in-cesar\/#primaryimage","url":"https:\/\/drummondltd.com\/wp-content\/uploads\/2023\/05\/Drummond-Ltd.-socializo-procesos-de-monitoreo-ambiental-y-proteccion-de-la-biodiversidad-en-ExpoTerra-Cesar-2023_1-scaled.jpg","contentUrl":"https:\/\/drummondltd.com\/wp-content\/uploads\/2023\/05\/Drummond-Ltd.-socializo-procesos-de-monitoreo-ambiental-y-proteccion-de-la-biodiversidad-en-ExpoTerra-Cesar-2023_1-scaled.jpg","width":2560,"height":1724,"caption":"*Alexander Contreras, supervisor s\u00e9nior de monitoreo ambiental de Drummond Ltd., durante su intervenci\u00f3n en la feria."},{"@type":"BreadcrumbList","@id":"https:\/\/drummondltd.com\/en\/drummond-ltd-talked-about-its-environmental-monitoring-and-protection-of-biodiversity-at-the-2023-expoterra-fair-in-cesar\/#breadcrumb","itemListElement":[{"@type":"ListItem","position":1,"name":"Home","item":"https:\/\/drummondltd.com\/en\/"},{"@type":"ListItem","position":2,"name":"Press Releases","item":"https:\/\/drummondltd.com\/en\/comunicados-de-prensa\/press-releases\/"},{"@type":"ListItem","position":3,"name":"Drummond Ltd. talked about its environmental monitoring and protection of biodiversity at the 2023 ExpoTerra Fair in Cesar"}]},{"@type":"WebSite","@id":"https:\/\/drummondltd.com\/en\/#website","url":"https:\/\/drummondltd.com\/en\/","name":"Drummond Ltd.","description":"Organizaci\u00f3n dedicada a la extracci\u00f3n, transporte y exportaci\u00f3n de carb\u00f3n","publisher":{"@id":"https:\/\/drummondltd.com\/en\/#organization"},"potentialAction":[{"@type":"SearchAction","target":{"@type":"EntryPoint","urlTemplate":"https:\/\/drummondltd.com\/en\/?s={search_term_string}"},"query-input":{"@type":"PropertyValueSpecification","valueRequired":true,"valueName":"search_term_string"}}],"inLanguage":"en-US"},{"@type":"Organization","@id":"https:\/\/drummondltd.com\/en\/#organization","name":"Drummond Ltd.","url":"https:\/\/drummondltd.com\/en\/","logo":{"@type":"ImageObject","inLanguage":"en-US","@id":"https:\/\/drummondltd.com\/en\/#\/schema\/logo\/image\/","url":"https:\/\/5zm012.p3cdn1.secureserver.net\/wp-content\/uploads\/2022\/04\/logo-drummond-ldt.png?time=1730132405","contentUrl":"https:\/\/5zm012.p3cdn1.secureserver.net\/wp-content\/uploads\/2022\/04\/logo-drummond-ldt.png?time=1730132405","width":1030,"height":300,"caption":"Drummond Ltd."},"image":{"@id":"https:\/\/drummondltd.com\/en\/#\/schema\/logo\/image\/"}},{"@type":"Person","@id":"https:\/\/drummondltd.com\/en\/#\/schema\/person\/2e044c44d54d11f09d4ceca7bef71fd0","name":"Camilo Parra","image":{"@type":"ImageObject","inLanguage":"en-US","@id":"https:\/\/secure.gravatar.com\/avatar\/f80fdbed20db5567c82fdef7cb5d82ee20eb9b8d6bc77edd93ef588c3f3ac6e9?s=96&d=mm&r=g","url":"https:\/\/secure.gravatar.com\/avatar\/f80fdbed20db5567c82fdef7cb5d82ee20eb9b8d6bc77edd93ef588c3f3ac6e9?s=96&d=mm&r=g","contentUrl":"https:\/\/secure.gravatar.com\/avatar\/f80fdbed20db5567c82fdef7cb5d82ee20eb9b8d6bc77edd93ef588c3f3ac6e9?s=96&d=mm&r=g","caption":"Camilo Parra"}}]}},"_links":{"self":[{"href":"https:\/\/drummondltd.com\/en\/wp-json\/wp\/v2\/posts\/12508","targetHints":{"allow":["GET"]}}],"collection":[{"href":"https:\/\/drummondltd.com\/en\/wp-json\/wp\/v2\/posts"}],"about":[{"href":"https:\/\/drummondltd.com\/en\/wp-json\/wp\/v2\/types\/post"}],"author":[{"embeddable":true,"href":"https:\/\/drummondltd.com\/en\/wp-json\/wp\/v2\/users\/2"}],"replies":[{"embeddable":true,"href":"https:\/\/drummondltd.com\/en\/wp-json\/wp\/v2\/comments?post=12508"}],"version-history":[{"count":5,"href":"https:\/\/drummondltd.com\/en\/wp-json\/wp\/v2\/posts\/12508\/revisions"}],"predecessor-version":[{"id":13250,"href":"https:\/\/drummondltd.com\/en\/wp-json\/wp\/v2\/posts\/12508\/revisions\/13250"}],"wp:featuredmedia":[{"embeddable":true,"href":"https:\/\/drummondltd.com\/en\/wp-json\/wp\/v2\/media\/12333"}],"wp:attachment":[{"href":"https:\/\/drummondltd.com\/en\/wp-json\/wp\/v2\/media?parent=12508"}],"wp:term":[{"taxonomy":"category","embeddable":true,"href":"https:\/\/drummondltd.com\/en\/wp-json\/wp\/v2\/categories?post=12508"},{"taxonomy":"post_tag","embeddable":true,"href":"https:\/\/drummondltd.com\/en\/wp-json\/wp\/v2\/tags?post=12508"}],"curies":[{"name":"wp","href":"https:\/\/api.w.org\/{rel}","templated":true}]}}